{"id":153,"date":"2022-10-04T05:14:19","date_gmt":"2022-10-04T05:14:19","guid":{"rendered":"http:\/\/mehr-personal-fuer-unsere-krankenhaeuser.de\/?p=153"},"modified":"2022-10-24T09:50:59","modified_gmt":"2022-10-24T09:50:59","slug":"offener-brief-an-gm-lauterbach","status":"publish","type":"post","link":"http:\/\/mehr-personal-fuer-unsere-krankenhaeuser.de\/?p=153","title":{"rendered":"Offener Brief an GM Lauterbach"},"content":{"rendered":"<p><span style=\"font-size: 1rem;\">Auf Anregung eines Personalratsmitglieds im Klinikum Stuttgart ist der <a href=\"http:\/\/mehr-personal-fuer-unsere-krankenhaeuser.de\/wp-content\/uploads\/2022\/10\/Offener-Brief-an-Lauterbach3822.pdf\">Offene Brief an Lauterbach<\/a>\u00a0 entstanden. Darin werden wichtige Forderungen von &#8222;Krankenhaus statt Fabrik&#8220; aufgegriffen. Anl\u00e4sslich der Lesung mit Dr. Strohschneider zu seinem Buch\u00a0 &#8222;Krankenhaus im Ausverkauf&#8220; wurde dieser vorgestellt und auf den Weg gebracht.<\/span><\/p>\n<p>Inzwischen haben wir ein Antwortschreiben erhalten.<\/p>\n<p><img loading=\"lazy\" class=\"alignnone size-medium wp-image-158\" src=\"http:\/\/mehr-personal-fuer-unsere-krankenhaeuser.de\/wp-content\/uploads\/2022\/10\/Antwort-1-224x300.jpg\" alt=\"\" width=\"224\" height=\"300\" srcset=\"http:\/\/mehr-personal-fuer-unsere-krankenhaeuser.de\/wp-content\/uploads\/2022\/10\/Antwort-1-224x300.jpg 224w, http:\/\/mehr-personal-fuer-unsere-krankenhaeuser.de\/wp-content\/uploads\/2022\/10\/Antwort-1-765x1024.jpg 765w, http:\/\/mehr-personal-fuer-unsere-krankenhaeuser.de\/wp-content\/uploads\/2022\/10\/Antwort-1-768x1028.jpg 768w, http:\/\/mehr-personal-fuer-unsere-krankenhaeuser.de\/wp-content\/uploads\/2022\/10\/Antwort-1-1147x1536.jpg 1147w, http:\/\/mehr-personal-fuer-unsere-krankenhaeuser.de\/wp-content\/uploads\/2022\/10\/Antwort-1-1530x2048.jpg 1530w, http:\/\/mehr-personal-fuer-unsere-krankenhaeuser.de\/wp-content\/uploads\/2022\/10\/Antwort-1-scaled.jpg 1912w\" sizes=\"(max-width: 224px) 100vw, 224px\" \/><\/p>\n<p><img loading=\"lazy\" class=\"alignnone size-medium wp-image-159\" src=\"http:\/\/mehr-personal-fuer-unsere-krankenhaeuser.de\/wp-content\/uploads\/2022\/10\/Antwort-2-224x300.jpg\" alt=\"\" width=\"224\" height=\"300\" srcset=\"http:\/\/mehr-personal-fuer-unsere-krankenhaeuser.de\/wp-content\/uploads\/2022\/10\/Antwort-2-224x300.jpg 224w, http:\/\/mehr-personal-fuer-unsere-krankenhaeuser.de\/wp-content\/uploads\/2022\/10\/Antwort-2-765x1024.jpg 765w, http:\/\/mehr-personal-fuer-unsere-krankenhaeuser.de\/wp-content\/uploads\/2022\/10\/Antwort-2-768x1028.jpg 768w, http:\/\/mehr-personal-fuer-unsere-krankenhaeuser.de\/wp-content\/uploads\/2022\/10\/Antwort-2-1147x1536.jpg 1147w, http:\/\/mehr-personal-fuer-unsere-krankenhaeuser.de\/wp-content\/uploads\/2022\/10\/Antwort-2-1530x2048.jpg 1530w, http:\/\/mehr-personal-fuer-unsere-krankenhaeuser.de\/wp-content\/uploads\/2022\/10\/Antwort-2-scaled.jpg 1912w\" sizes=\"(max-width: 224px) 100vw, 224px\" \/><\/p>\n<p>Allerdings enth\u00e4lt dieses\u00a0 nur einen L\u00f6sungsvorschlag: &#8222;Auch Investitionsmittel und das vorhandene Fachpersonal k\u00f6nnen sinnvoller eingesetzt werden, wenn Strukturen, die nicht zur Deckung des Bedarfs erforderlich sind, abgebaut werden&#8220;. Das w\u00fcrde auf Rumschubsen des Personal, l\u00e4ngere und teurere Anfahrten und Verschlechterung der Versorgung rauslaufen. Das relativiert auch seine Aussagen in der ARD:\u00a0 &#8222;Wir wollen das Fallpauschalensystem \u00fcberwinden&#8220;, sagte er mit Blick auf die seit 20 Jahren g\u00fcltige Vorgehensweise, den Kliniken f\u00fcr dieselbe Leistung jeweils gleich viel Geld zu zahlen. Die geplante gro\u00dfe Reform werde das System viel effizienter machen&#8220;.<\/p>\n<p>Es bleibt uns also noch viel zu tun, wenn wir tats\u00e4chlich eine Verbesserung der Situation im Gesundheitswesen erreichen wollen.<\/p>\n<p><img loading=\"lazy\" class=\"alignnone size-medium wp-image-161\" src=\"http:\/\/mehr-personal-fuer-unsere-krankenhaeuser.de\/wp-content\/uploads\/2022\/10\/IMG_20220923_2032134035-300x225.jpg\" alt=\"\" width=\"300\" height=\"225\" srcset=\"http:\/\/mehr-personal-fuer-unsere-krankenhaeuser.de\/wp-content\/uploads\/2022\/10\/IMG_20220923_2032134035-300x225.jpg 300w, http:\/\/mehr-personal-fuer-unsere-krankenhaeuser.de\/wp-content\/uploads\/2022\/10\/IMG_20220923_2032134035-1024x768.jpg 1024w, http:\/\/mehr-personal-fuer-unsere-krankenhaeuser.de\/wp-content\/uploads\/2022\/10\/IMG_20220923_2032134035-768x576.jpg 768w, http:\/\/mehr-personal-fuer-unsere-krankenhaeuser.de\/wp-content\/uploads\/2022\/10\/IMG_20220923_2032134035-1536x1152.jpg 1536w, http:\/\/mehr-personal-fuer-unsere-krankenhaeuser.de\/wp-content\/uploads\/2022\/10\/IMG_20220923_2032134035-2048x1536.jpg 2048w\" sizes=\"(max-width: 300px) 100vw, 300px\" \/><\/p>\n","protected":false},"excerpt":{"rendered":"<p>Auf Anregung eines Personalratsmitglieds im Klinikum Stuttgart ist der Offene Brief an Lauterbach\u00a0 entstanden. Darin werden wichtige Forderungen von &#8222;Krankenhaus statt Fabrik&#8220; aufgegriffen. Anl\u00e4sslich der Lesung mit Dr. Strohschneider zu seinem Buch\u00a0 &#8222;Krankenhaus im Ausverkauf&#8220; wurde dieser vorgestellt und auf den Weg gebracht. Inzwischen haben wir ein Antwortschreiben erhalten. Allerdings enth\u00e4lt dieses\u00a0 nur einen L\u00f6sungsvorschlag: &hellip; <\/p>\n<p class=\"link-more\"><a href=\"http:\/\/mehr-personal-fuer-unsere-krankenhaeuser.de\/?p=153\" class=\"more-link\"><span class=\"screen-reader-text\">\u201eOffener Brief an GM Lauterbach\u201c<\/span> weiterlesen<\/a><\/p>\n","protected":false},"author":2,"featured_media":0,"comment_status":"open","ping_status":"open","sticky":false,"template":"","format":"standard","meta":[],"categories":[1],"tags":[],"_links":{"self":[{"href":"http:\/\/mehr-personal-fuer-unsere-krankenhaeuser.de\/index.php?rest_route=\/wp\/v2\/posts\/153"}],"collection":[{"href":"http:\/\/mehr-personal-fuer-unsere-krankenhaeuser.de\/index.php?rest_route=\/wp\/v2\/posts"}],"about":[{"href":"http:\/\/mehr-personal-fuer-unsere-krankenhaeuser.de\/index.php?rest_route=\/wp\/v2\/types\/post"}],"author":[{"embeddable":true,"href":"http:\/\/mehr-personal-fuer-unsere-krankenhaeuser.de\/index.php?rest_route=\/wp\/v2\/users\/2"}],"replies":[{"embeddable":true,"href":"http:\/\/mehr-personal-fuer-unsere-krankenhaeuser.de\/index.php?rest_route=%2Fwp%2Fv2%2Fcomments&post=153"}],"version-history":[{"count":4,"href":"http:\/\/mehr-personal-fuer-unsere-krankenhaeuser.de\/index.php?rest_route=\/wp\/v2\/posts\/153\/revisions"}],"predecessor-version":[{"id":162,"href":"http:\/\/mehr-personal-fuer-unsere-krankenhaeuser.de\/index.php?rest_route=\/wp\/v2\/posts\/153\/revisions\/162"}],"wp:attachment":[{"href":"http:\/\/mehr-personal-fuer-unsere-krankenhaeuser.de\/index.php?rest_route=%2Fwp%2Fv2%2Fmedia&parent=153"}],"wp:term":[{"taxonomy":"category","embeddable":true,"href":"http:\/\/mehr-personal-fuer-unsere-krankenhaeuser.de\/index.php?rest_route=%2Fwp%2Fv2%2Fcategories&post=153"},{"taxonomy":"post_tag","embeddable":true,"href":"http:\/\/mehr-personal-fuer-unsere-krankenhaeuser.de\/index.php?rest_route=%2Fwp%2Fv2%2Ftags&post=153"}],"curies":[{"name":"wp","href":"https:\/\/api.w.org\/{rel}","templated":true}]}}